{"id":597,"date":"2024-03-04T15:35:44","date_gmt":"2024-03-04T18:35:44","guid":{"rendered":"https:\/\/wilsoncoelho.praxis.pro.br\/?p=597"},"modified":"2024-03-04T15:35:44","modified_gmt":"2024-03-04T18:35:44","slug":"ha-76-anos-antonin-artaud-partia-louco-ou-lucido-por-wilson-coelho","status":"publish","type":"post","link":"https:\/\/wilsoncoelho.praxis.pro.br\/index.php\/2024\/03\/04\/ha-76-anos-antonin-artaud-partia-louco-ou-lucido-por-wilson-coelho\/","title":{"rendered":"H\u00e1 76 anos Antonin Artaud partia: louco ou l\u00facido?: por Wilson Co\u00ealho"},"content":{"rendered":"<p><img loading=\"lazy\" decoding=\"async\" class=\"alignnone size-full wp-image-598\" src=\"https:\/\/wilsoncoelho.praxis.pro.br\/wp-content\/uploads\/2024\/03\/artaud-172x300-1.jpg\" alt=\"\" width=\"172\" height=\"300\" \/><\/p>\n<p>Com os questionamentos &#8220;Quem foi Artaud? Revolucion\u00e1rio ou alienado? Louco ou l\u00facido?&#8221;, Wilson Co\u00ealho publicou, no site da <a href=\"https:\/\/sbat.com.br\/\">SBAT (Sociedade Brasileira de Autores Teatrais)<\/a>, o artigo em homenagem aos 76 anos da morte de Antonin Artaud.<\/p>\n<p>Confira o artigo completo em <a href=\"https:\/\/sbat.com.br\/ha-76-anos-antonin-artaud-partia-louco-ou-lucido-por-wilson-coelho\/\">https:\/\/sbat.com.br\/ha-76-anos-antonin-artaud-partia-louco-ou-lucido-por-wilson-coelho\/<\/a><\/p>\n<p>&nbsp;<\/p>\n","protected":false},"excerpt":{"rendered":"<p> <a class=\"more-link\" href=\"https:\/\/wilsoncoelho.praxis.pro.br\/index.php\/2024\/03\/04\/ha-76-anos-antonin-artaud-partia-louco-ou-lucido-por-wilson-coelho\/\">Leia mais&#8230; &raquo;<\/a><\/p>\n","protected":false},"author":1,"featured_media":598,"comment_status":"open","ping_status":"open","sticky":false,"template":"","format":"standard","meta":{"_price":"","_stock":"","_tribe_ticket_header":"","_tribe_default_ticket_provider":"","_tribe_ticket_capacity":"0","_ticket_start_date":"","_ticket_end_date":"","_tribe_ticket_show_description":"","_tribe_ticket_show_not_going":false,"_tribe_ticket_use_global_stock":"","_tribe_ticket_global_stock_level":"","_global_stock_mode":"","_global_stock_cap":"","_tribe_rsvp_for_event":"","_tribe_ticket_going_count":"","_tribe_ticket_not_going_count":"","_tribe_tickets_list":"[]","_tribe_ticket_has_attendee_info_fields":false,"footnotes":""},"categories":[1],"tags":[],"class_list":["post-597","post","type-post","status-publish","format-standard","has-post-thumbnail","hentry","category-sem-categoria"],"_links":{"self":[{"href":"https:\/\/wilsoncoelho.praxis.pro.br\/index.php\/wp-json\/wp\/v2\/posts\/597","targetHints":{"allow":["GET"]}}],"collection":[{"href":"https:\/\/wilsoncoelho.praxis.pro.br\/index.php\/wp-json\/wp\/v2\/posts"}],"about":[{"href":"https:\/\/wilsoncoelho.praxis.pro.br\/index.php\/wp-json\/wp\/v2\/types\/post"}],"author":[{"embeddable":true,"href":"https:\/\/wilsoncoelho.praxis.pro.br\/index.php\/wp-json\/wp\/v2\/users\/1"}],"replies":[{"embeddable":true,"href":"https:\/\/wilsoncoelho.praxis.pro.br\/index.php\/wp-json\/wp\/v2\/comments?post=597"}],"version-history":[{"count":1,"href":"https:\/\/wilsoncoelho.praxis.pro.br\/index.php\/wp-json\/wp\/v2\/posts\/597\/revisions"}],"predecessor-version":[{"id":599,"href":"https:\/\/wilsoncoelho.praxis.pro.br\/index.php\/wp-json\/wp\/v2\/posts\/597\/revisions\/599"}],"wp:featuredmedia":[{"embeddable":true,"href":"https:\/\/wilsoncoelho.praxis.pro.br\/index.php\/wp-json\/wp\/v2\/media\/598"}],"wp:attachment":[{"href":"https:\/\/wilsoncoelho.praxis.pro.br\/index.php\/wp-json\/wp\/v2\/media?parent=597"}],"wp:term":[{"taxonomy":"category","embeddable":true,"href":"https:\/\/wilsoncoelho.praxis.pro.br\/index.php\/wp-json\/wp\/v2\/categories?post=597"},{"taxonomy":"post_tag","embeddable":true,"href":"https:\/\/wilsoncoelho.praxis.pro.br\/index.php\/wp-json\/wp\/v2\/tags?post=597"}],"curies":[{"name":"wp","href":"https:\/\/api.w.org\/{rel}","templated":true}]}}