{"id":175,"date":"2022-01-01T18:00:56","date_gmt":"2022-01-01T21:00:56","guid":{"rendered":"https:\/\/wilsoncoelho.praxis.pro.br\/?p=175"},"modified":"2022-04-02T22:09:55","modified_gmt":"2022-04-03T01:09:55","slug":"falas-do-musico-poeta-e-produtor-cultural-marcos-bentes-sobre-calida-presenca","status":"publish","type":"post","link":"https:\/\/wilsoncoelho.praxis.pro.br\/index.php\/2022\/01\/01\/falas-do-musico-poeta-e-produtor-cultural-marcos-bentes-sobre-calida-presenca\/","title":{"rendered":"&#8220;Parab\u00e9ns! Leitura \u00e1gil, din\u00e2mica, favorecendo a imagina\u00e7\u00e3o&#8221; (Marcos Bentes)"},"content":{"rendered":"<p>Parab\u00e9ns! Leitura \u00e1gil, din\u00e2mica, favorecendo a imagina\u00e7\u00e3o; num ritmo bastante atual, onde textos curtos, cinematogr\u00e1ficos, nos embala em hist\u00f3rias, m\u00fasicas, dan\u00e7as&#8230;<br \/>\nQuase um roteiro pronto para uma pe\u00e7a teatral e ou audiovisual!<br \/>\nImaginei uma atriz no palco contracenando com fotos, v\u00eddeos, vozes e m\u00fasicas&#8230;<br \/>\nPode buscar outras hist\u00f3rias que transcorreram paralelas a biografias conhecidas, que este \u00e9 um fil\u00e3o muito desejado.<\/p>\n<p><strong>Marcos Bentes<\/strong><\/p>\n<p><strong>M\u00fasico, poeta e produtor cultural\u00a0<\/strong><\/p>\n<p><img loading=\"lazy\" decoding=\"async\" class=\"alignnone size-full wp-image-176\" src=\"https:\/\/wilsoncoelho.praxis.pro.br\/wp-content\/uploads\/2022\/01\/MarcosBentes.jpg\" alt=\"\" width=\"230\" height=\"230\" srcset=\"https:\/\/wilsoncoelho.praxis.pro.br\/wp-content\/uploads\/2022\/01\/MarcosBentes.jpg 230w, https:\/\/wilsoncoelho.praxis.pro.br\/wp-content\/uploads\/2022\/01\/MarcosBentes-150x150.jpg 150w, https:\/\/wilsoncoelho.praxis.pro.br\/wp-content\/uploads\/2022\/01\/MarcosBentes-200x200.jpg 200w, https:\/\/wilsoncoelho.praxis.pro.br\/wp-content\/uploads\/2022\/01\/MarcosBentes-100x100.jpg 100w, https:\/\/wilsoncoelho.praxis.pro.br\/wp-content\/uploads\/2022\/01\/MarcosBentes-40x40.jpg 40w\" sizes=\"auto, (max-width: 230px) 100vw, 230px\" \/><\/p>\n<p>&nbsp;<\/p>\n<p>#calidapresencia #cheguevara #wilsoncoelho<\/p>\n","protected":false},"excerpt":{"rendered":"<p> <a class=\"more-link\" href=\"https:\/\/wilsoncoelho.praxis.pro.br\/index.php\/2022\/01\/01\/falas-do-musico-poeta-e-produtor-cultural-marcos-bentes-sobre-calida-presenca\/\">Leia mais&#8230; &raquo;<\/a><\/p>\n","protected":false},"author":1,"featured_media":176,"comment_status":"open","ping_status":"open","sticky":false,"template":"","format":"standard","meta":{"_price":"","_stock":"","_tribe_ticket_header":"","_tribe_default_ticket_provider":"","_tribe_ticket_capacity":"0","_ticket_start_date":"","_ticket_end_date":"","_tribe_ticket_show_description":"","_tribe_ticket_show_not_going":false,"_tribe_ticket_use_global_stock":"","_tribe_ticket_global_stock_level":"","_global_stock_mode":"","_global_stock_cap":"","_tribe_rsvp_for_event":"","_tribe_ticket_going_count":"","_tribe_ticket_not_going_count":"","_tribe_tickets_list":"[]","_tribe_ticket_has_attendee_info_fields":false,"footnotes":""},"categories":[1],"tags":[9,8,4,3,6,5],"class_list":["post-175","post","type-post","status-publish","format-standard","has-post-thumbnail","hentry","category-sem-categoria","tag-calida-presenca","tag-che-guevara","tag-literatura","tag-livro","tag-marcos-bentes","tag-wilson-coelho"],"_links":{"self":[{"href":"https:\/\/wilsoncoelho.praxis.pro.br\/index.php\/wp-json\/wp\/v2\/posts\/175","targetHints":{"allow":["GET"]}}],"collection":[{"href":"https:\/\/wilsoncoelho.praxis.pro.br\/index.php\/wp-json\/wp\/v2\/posts"}],"about":[{"href":"https:\/\/wilsoncoelho.praxis.pro.br\/index.php\/wp-json\/wp\/v2\/types\/post"}],"author":[{"embeddable":true,"href":"https:\/\/wilsoncoelho.praxis.pro.br\/index.php\/wp-json\/wp\/v2\/users\/1"}],"replies":[{"embeddable":true,"href":"https:\/\/wilsoncoelho.praxis.pro.br\/index.php\/wp-json\/wp\/v2\/comments?post=175"}],"version-history":[{"count":4,"href":"https:\/\/wilsoncoelho.praxis.pro.br\/index.php\/wp-json\/wp\/v2\/posts\/175\/revisions"}],"predecessor-version":[{"id":369,"href":"https:\/\/wilsoncoelho.praxis.pro.br\/index.php\/wp-json\/wp\/v2\/posts\/175\/revisions\/369"}],"wp:featuredmedia":[{"embeddable":true,"href":"https:\/\/wilsoncoelho.praxis.pro.br\/index.php\/wp-json\/wp\/v2\/media\/176"}],"wp:attachment":[{"href":"https:\/\/wilsoncoelho.praxis.pro.br\/index.php\/wp-json\/wp\/v2\/media?parent=175"}],"wp:term":[{"taxonomy":"category","embeddable":true,"href":"https:\/\/wilsoncoelho.praxis.pro.br\/index.php\/wp-json\/wp\/v2\/categories?post=175"},{"taxonomy":"post_tag","embeddable":true,"href":"https:\/\/wilsoncoelho.praxis.pro.br\/index.php\/wp-json\/wp\/v2\/tags?post=175"}],"curies":[{"name":"wp","href":"https:\/\/api.w.org\/{rel}","templated":true}]}}